{"id":781,"date":"2018-09-10T19:30:28","date_gmt":"2018-09-10T17:30:28","guid":{"rendered":"http:\/\/www.letiziagariglio.it\/?p=781"},"modified":"2024-02-27T17:48:15","modified_gmt":"2024-02-27T16:48:15","slug":"sulla-citta-di-morfelden-walldorf-sede-di-impronte-di-artiste","status":"publish","type":"post","link":"https:\/\/www.letiziagariglio.it\/?p=781","title":{"rendered":"SULLA CITT\u00c0 DI M\u00d6RFELDEN-WALLDORF SEDE DI &#8220;IMPRONTE DI ARTISTE&#8221;"},"content":{"rendered":"\n<p class=\"wp-block-paragraph\"><strong>Qualche nota sulla citt\u00e0 di M\u00f6rfelden-Walldorf sede di Impronte di artiste, di Letizia Gariglio, articolo tratto dal mensile on line &#8220;Parole in rete&#8221;<\/strong><\/p>\n\n\n\n<p class=\"wp-block-paragraph\">M\u00f6rfelden-Walldorf&nbsp;&nbsp;\u00e8 una citt\u00e0 dell\u2019Assia, di circa trentamila abitanti, posta molto vicino a&nbsp;&nbsp;Francoforte (10 chilometri), che ha davvero alcune cose in comune con Torre Pellice, situata in Piemonte, con cui \u00e8 gemellata. Infatti fu fondata il 10 luglio 1699, da Valdesi in fuga dalle Valli Valdesi, dopo la revoca dell\u2019Editto di Nantes del 1685. L\u2019editto aveva riconosciuto per alcuni anni la libert\u00e0 di coscienza, vale a dire la libert\u00e0 di avere e mantenere convinzioni interiori (religiose) e di comportarsi di conseguenza, in tutto il territorio francese; comportava la libert\u00e0 di culto&nbsp;&nbsp;nei territori dove i protestanti si erano gi\u00e0 installati prima del 1597.<\/p>\n\n\n\n<p class=\"wp-block-paragraph\">La revoca dell\u2019Editto scaten\u00f2 un\u2019ondata di persecuzioni nei confronti dei Valdesi. Un gruppo di famiglie in fuga si trov\u00f2 a girovagare per sfuggire alle persecuzioni cui erano sottoposte nelle Valli; si fermarono in Assia e riuscirono a firmare un accordo&nbsp;&nbsp;con il langravio d\u2019Assia Darmstadt.&nbsp;&nbsp;Questi promise una forma di riconoscimento nei confronti dei Valdesi provenienti dalla Val Pellice, assicurando loro la libert\u00e0, i Valdesi presentarono un progetto di costruzione urbana , composto da una serie di fattorie che sarebbero sorte lungo l\u2019asse principale della localit\u00e0. In cambio avrebbero ricevuto esenzione dal servizio di leva e dal pagamento di imposte. L\u2019accord\u00f2 funzion\u00f2.<\/p>\n\n\n\n<p class=\"wp-block-paragraph\">Oggi il 10 luglio \u00e8 ancora considerata la data di compleanno di M\u00f6rfelden-Walldorf.<\/p>\n\n\n\n<p class=\"wp-block-paragraph\">(settembre 2018)<\/p>\n\n\n\n<p class=\"wp-block-paragraph\"><\/p>\n","protected":false},"excerpt":{"rendered":"<p>Qualche nota sulla citt\u00e0 di M\u00f6rfelden-Walldorf sede di Impronte di artiste, di Letizia Gariglio, articolo tratto dal mensile on line &#8220;Parole in rete&#8221; M\u00f6rfelden-Walldorf&nbsp;&nbsp;\u00e8 una citt\u00e0 dell\u2019Assia, di circa trentamila abitanti, posta molto vicino a&nbsp;&nbsp;Francoforte (10 chilometri), che ha davvero &hellip; <a href=\"https:\/\/www.letiziagariglio.it\/?p=781\">Continua a leggere<span class=\"meta-nav\">&rarr;<\/span><\/a><\/p>\n","protected":false},"author":1,"featured_media":0,"comment_status":"open","ping_status":"closed","sticky":false,"template":"","format":"standard","meta":{"footnotes":""},"categories":[198,125,1],"tags":[],"class_list":["post-781","post","type-post","status-publish","format-standard","hentry","category-articoli","category-letture","category-senza-categoria"],"_links":{"self":[{"href":"https:\/\/www.letiziagariglio.it\/index.php?rest_route=\/wp\/v2\/posts\/781","targetHints":{"allow":["GET"]}}],"collection":[{"href":"https:\/\/www.letiziagariglio.it\/index.php?rest_route=\/wp\/v2\/posts"}],"about":[{"href":"https:\/\/www.letiziagariglio.it\/index.php?rest_route=\/wp\/v2\/types\/post"}],"author":[{"embeddable":true,"href":"https:\/\/www.letiziagariglio.it\/index.php?rest_route=\/wp\/v2\/users\/1"}],"replies":[{"embeddable":true,"href":"https:\/\/www.letiziagariglio.it\/index.php?rest_route=%2Fwp%2Fv2%2Fcomments&post=781"}],"version-history":[{"count":1,"href":"https:\/\/www.letiziagariglio.it\/index.php?rest_route=\/wp\/v2\/posts\/781\/revisions"}],"predecessor-version":[{"id":782,"href":"https:\/\/www.letiziagariglio.it\/index.php?rest_route=\/wp\/v2\/posts\/781\/revisions\/782"}],"wp:attachment":[{"href":"https:\/\/www.letiziagariglio.it\/index.php?rest_route=%2Fwp%2Fv2%2Fmedia&parent=781"}],"wp:term":[{"taxonomy":"category","embeddable":true,"href":"https:\/\/www.letiziagariglio.it\/index.php?rest_route=%2Fwp%2Fv2%2Fcategories&post=781"},{"taxonomy":"post_tag","embeddable":true,"href":"https:\/\/www.letiziagariglio.it\/index.php?rest_route=%2Fwp%2Fv2%2Ftags&post=781"}],"curies":[{"name":"wp","href":"https:\/\/api.w.org\/{rel}","templated":true}]}}