{"id":165,"date":"2010-01-30T20:54:02","date_gmt":"2010-01-30T19:54:02","guid":{"rendered":"http:\/\/www.letiziagariglio.it\/?p=165"},"modified":"2018-04-29T10:06:56","modified_gmt":"2018-04-29T08:06:56","slug":"la-via-francigena","status":"publish","type":"post","link":"https:\/\/www.letiziagariglio.it\/?p=165","title":{"rendered":"LA VIA FRANCIGENA"},"content":{"rendered":"<p><!--more--><\/p>\n<p style=\"margin-bottom: 0cm; text-align: center;\"><span style=\"font-size: medium;\"><i><b>LA VIA FRANCIGENA<\/b><\/i><\/span><\/p>\n<p style=\"margin-bottom: 0cm; font-style: normal; font-weight: normal; text-align: center;\"><span style=\"font-size: medium;\">(servizio pubblicato su Oltre, n. 31)<\/span><\/p>\n<p style=\"text-indent: 1.25cm; text-align: center;\"><span style=\"font-size: medium;\"><i><b>Cammini di ieri, viandanti di oggi<\/b><\/i><\/span><\/p>\n<p style=\"margin-bottom: 0cm;\" align=\"JUSTIFY\">La storia narra che fu Sigerico, Arcivescovo di Canterbury, che determin\u00f2 l\u2019inizio del cammino che oggi denominiamo Via Francigena, quando si rec\u00f2 a Roma in visita al Papa Giovanni XV, allo scopo di ricevere da lui il mantello vescovile, il Pallio: con il suo passaggio segnal\u00f2 la nascita ufficiale di uno dei pi\u00f9 importanti itinerari di pellegrinaggio d\u2019Europa.<!--more--><\/p>\n<p style=\"margin-bottom: 0cm;\" align=\"JUSTIFY\">In realt\u00e0 il tracciato che i pellegrini adoperavano fin dal Medioevo non \u00e8 unico, ma si dipana in una serie di possibili alternative, di scelte effettuabili lungo il cammino, di superamento di passi, di differenti gradi di difficolt\u00e0 o di lunghezza del percorso. Tutto ci\u00f2 \u00e8 perfettamente normale, poich\u00e9 qualunque viaggiatore, oggi in automobile e dotato di navigatore, ieri a piedi o in caso privilegiato a cavallo, sceglie comunque il proprio percorso, in base alle conoscenze che ha, ai racconti di chi l\u2019ha preceduto, alla preferenza paesaggistica e \u2026 perch\u00e9 no? alla qualit\u00e0 dell\u2019accoglienza e dell\u2019ospitalit\u00e0 lungo il percorso. La stessa regola vale per gli itinerari a piedi.<\/p>\n<p style=\"margin-bottom: 0cm;\" align=\"JUSTIFY\">La tradizione, dunque, fa di Sigerico il padre della via Francigena.<\/p>\n<p style=\"margin-bottom: 0cm;\" align=\"JUSTIFY\">La ragione principale \u00e8 che egli ebbe modo, a differenza di tanti altri pellegrini meno solenni, di lasciarne traccia scritta. Infatti redasse, in modo scarrno ma preciso, le informazioni sul suo percorso di ritorno da Roma verso casa (\u201cde Roma usque ad mare\u201d), con un elenco delle 79 tappe, o submansiones, del viaggio compiuto dalla sede papale fino alla costa atlantica. Il prezioso manoscritto \u00e8 oggi conservato presso la British Library di Londra, ed \u00e8 considerato la base su cui si fonda l\u2019itinerario ufficiale del Cammino per Roma. La Comunit\u00e0 Europea ha adottato l\u2019itinerario di Sigerico, giunto a noi attraverso questo prezioso documento.<\/p>\n<p style=\"margin-bottom: 0cm;\" align=\"JUSTIFY\">Il percorso dunque inizia da Canterbury, percorre la contea del Kent, arriva alla Manica, prosegue lungo le regioni francesi Nord Pas de Calais, Picardie, Champagne-Ardenne Franche-Comt\u00e9, supera la frontiera Svizzera nel cantone di Vaud e passa in Italia, si sviluppa attraverso la Valle d\u2019Aosta, il Piemonte, la Lombardia, la Liguria, l\u2019Emilia Romagna, la Toscana e il Lazio.<\/p>\n<p style=\"margin-bottom: 0cm;\" align=\"JUSTIFY\">Alla via Francigena, itinerario che appartiene alla storia, con il suo percorso principale attraverso il quale migliaia di pellegrini si sono posti in viaggio per Roma, sono legate alcune manifestazioni che hanno come tema la presenza e l\u2019interesse culturale che la via stessa rappresenta.<\/p>\n<p style=\"margin-bottom: 0cm; text-align: center;\" align=\"JUSTIFY\"><span style=\"font-size: medium;\"><i><b> Il mio viaggio verso la libert\u00e0. <\/b><\/i><\/span><\/p>\n<p style=\"margin-bottom: 0cm; text-align: center;\" align=\"JUSTIFY\"><span style=\"font-size: medium;\"><i><b> Intervista a Cristina Menghini, professione \u201cpellegrina\u201d<\/b><\/i><\/span><\/p>\n<p align=\"JUSTIFY\">Fra le interessanti iniziative che riguardano la via Francigena ci ha attratti quella di Cristina Menghini, milanese di 34 anni, di \u201cprofessione\u201d, per cos\u00ec dire, pellegrina.<!--more--><\/p>\n<p align=\"JUSTIFY\">Ebbene, s\u00ec, questa giovane milanese ha fatto del viaggio a piedi un\u2019attivit\u00e0 vera e propria. Dopo aver compiuto il cammino di Santiago, da Valencia a Santiago, di 1200 chilometri, si \u00e8 rimessa in viaggio con lo zaino in spalle. Ora si trova sulla via Francigena. \u00c8 partita da Canterbury, dove ha posto il primo passo il 1 luglio scorso, davanti alla porta della cattedrale di Canterbury, in Gran Bretagna, e si sta dirigendo verso Roma: sar\u00e0 dunque testimone, a impresa completata, di un percorso inverso a quello pervenutoci dalle informazioni di Sigerico.<\/p>\n<p align=\"JUSTIFY\">A differenza di molti altri pellegrini sulle strade del mondo non \u00e8 tecnofoba, non \u00e8 attratta dell\u2019idea romantica che tutto si possa inventare cammin facendo, ma non \u00e8 neppure schiava della strumentazione tecnica che le \u00e8 stata messa a disposizione, riservandosi, quando lo crede opportuno, di operare deviazioni o cambiamenti. La tecnologia le \u00e8 d\u2019aiuto: porta con s\u00e9 una moderna strumentazione: GPS con macchina fotografica integrata e note-book con connessione 3G internazionale.<\/p>\n<p align=\"JUSTIFY\">Il suo progetto \u00e8 quello di raccogliere informazioni aggiornate sulla situazione attuale dell\u2019antico Cammino di pellegrinaggio, cos\u00ec ogni giorno Cristina pubblica il racconto del viaggio, e le immagini che ha fermato durante la sua giornata, che testimoniano la collaborazione da lei ricevuta da parte di molte persone, ma anche realt\u00e0 spettacolari della natura, o presenze di opere d\u2019arte sui luoghi che attraversa. Se non riesce a espletare il compito che si \u00e8 data, vale a dire quello di tenere informati i suoi fans ogni giorno, di tanto in tanto si ferma un po\u2019 in un luogo, e \u2018recupera\u2019 il compito informativo. Non \u00e8 cos\u00ec incredibile pensare che al termine della giornata sia davvero troppo stanca per scrivere, visto il numero di chilometri che macina, le emozioni che supponiamo abbia provato e, certamente, le avventure che deve aver vissuto lungo i sentieri, le mulattiere e le strade.<\/p>\n<p style=\"margin-bottom: 0cm;\" align=\"JUSTIFY\"><span style=\"color: #000000;\"><span style=\"background: #ffffff;\">Qual \u00e8 il senso del viaggio a piedi oggi?<\/span><\/span><\/p>\n<p style=\"margin-bottom: 0cm;\" align=\"JUSTIFY\">Cristina: <i>Camminare \u00e8 qualcosa che viene da dentro. Non credo si possa generalizzare. Ognuno d\u00e0 al Cammino un significato personale in base al bisogno che sente di dover soddisfare in un dato momento.<\/i><\/p>\n<p style=\"margin-bottom: 0cm;\" align=\"JUSTIFY\"><i>Per me camminare \u00e8 una delle pi\u00f9 alte espressioni di Libert\u00e0. Cammino perch\u00e9 mi fa sentire viva e ad ogni passo gioisco. Cammino per conoscere, cammino per imparare, cammino per valorizzare ci\u00f2 che mi circonda. Ma soprattutto cammino per rispondere ad un richiamo interiore del quale per\u00f2 ancora devo individuare la fonte.<\/i><\/p>\n<p style=\"margin-bottom: 0cm;\" align=\"JUSTIFY\"><i>Camminare \u00e8 osservare e vivere il mondo per come merita di essere osservato e vissuto. In ogni suo centimetro e in tutta la sua variata bellezza.<\/i><\/p>\n<p style=\"margin-bottom: 0cm;\" align=\"JUSTIFY\"><span style=\"color: #000000;\">Attualmente tu hai scelto di viaggiare lungo un percorso tracciato gi\u00e0 dagli uomini del Medioevo: la scelta di un percorso segnato da uomini di fede significa che il tuo viaggio ha valore religioso, oppure \u00e8 un viaggio laico?<\/span><\/p>\n<p style=\"margin-bottom: 0cm;\" align=\"JUSTIFY\"><i>Nessuno dei due. Vivo il viaggio, qualunque esso sia, come una continua ricerca interiore. Un costante tentativo di comunione del mio Essere con il Mondo. Non sono religiosa, nel senso che non pratico nessun rito riconosciuto come tale. Ma credo fermamente in quello che chiamiamo comunemente Dio, come l\u2019Energia che ha creato e che regge tutte le forme dell\u2019Universo. E soprattutto ho fede nel suo Amore verso l\u2019Essere Umano. Quell\u2019Amore che ogni giorno d\u00e0 sostegno anche i miei passi.<\/i><\/p>\n<p style=\"margin-bottom: 0cm;\" align=\"JUSTIFY\"><i>Ho scelto ora la Via Francigena principalmente per curiosit\u00e0. Era gi\u00e0 molto che ne sentivo parlare. Questa Via per secoli segnata dalle orme di migliaia di passi. Non solo passi di fedeli, ma anche di mercanti, cavalieri, ladroni, principi e schiavi; ognuno con il proprio vissuto, ognuno con il proprio sogno: il perdono, la vendita, la vittoria, il bottino, il regno e la Libert\u00e0. Quanta storia su questa Via, quanta energia racchiusa nelle strade, negli alberi, nelle colline, nei campi! E ho sentito il richiamo, quasi a voler far parte anche io di questo pezzetto di storia. Anche io con il mio vissuto, anche io con il mio sogno di Libert\u00e0\u2026<\/i><\/p>\n<p style=\"margin-bottom: 0cm;\" align=\"JUSTIFY\"><span style=\"color: #000000;\">Tu che cosa cerchi? Senti il viaggio come strumento di evoluzione?<\/span><\/p>\n<p style=\"margin-bottom: 0cm;\" align=\"JUSTIFY\"><i>Il viaggio \u00e8 uno dei tanti strumenti di evoluzione. Io l\u2019ho privilegiato perch\u00e9 credo che mi dia pi\u00f9 possibilit\u00e0 di sperimentare situazioni ed esperienze variate che forse non farei mai se mi dedicassi ad avere una vita \u201cnormale. Ma poi, che cosa intendiamo con \u201cessere normali\u201d? Ed ogni esperienza, in base a come riesci a viverla e ad affrontarla pu\u00f2 aiutarti a superare quel gradino della scala che rappresenta la nostra evoluzione. <\/i><\/p>\n<p style=\"margin-bottom: 0cm;\" align=\"JUSTIFY\"><i>Cosa cerco? Non lo so. Ma forse \u00e8 proprio questo non sapere che tiene vivo il fuoco che alimenta il mio Cuore e i miei piedi. Se sapessi cosa cercare, sicuramente sarei condizionata a limitare i miei spostamenti verso un\u2019unica area di interesse. Il che mi farebbe perdere le emozioni che potrei vivere interessandomi di tutto il resto.<\/i><\/p>\n<p style=\"margin-bottom: 0cm;\" align=\"JUSTIFY\"><span style=\"color: #000000;\">Personalmente penso che il viaggio, in qualunque forma (ma certo i viaggi da intruppati sono un po\u2019 meno significativi), fornisca buoni spunti di autoeducazione: esercita in noi, in diverse forme, la capacit\u00e0 di adattamento, l\u2019abilit\u00e0 di sostenere in modo positivo e adeguato rapporti sociali molto pi\u00f9 vari che nella realt\u00e0 quotidiana. Condividi con me questa opinione? Cosa mi dici in proposito? Vuoi riferire qualche esperienza significativa?<\/span><\/p>\n<p style=\"margin-bottom: 0cm;\" align=\"JUSTIFY\"><span style=\"color: #000000;\"><i>Non solo autoeducazione. Siamo tutti allievi e maestri, di noi stessi e degli altri. Ci autoeduchiamo e aiutiamo gli altri ad autoeducarsi. Avete mai provato a dormire nella stessa stanza con persone di diverse nazionalit\u00e0 che avete conosciuto solo due minuti prima o con le quali avete solo gesticolato senza capirvi?<\/i><\/span><\/p>\n<p style=\"margin-bottom: 0cm;\" align=\"JUSTIFY\"><span style=\"color: #000000;\"><i>Persone di diversa cultura e di diverso credo che si ritrovano a dover condividere momenti anche molto intimi quali il lavarsi, il cambiarsi d\u2019abito o il semplice massaggiarsi i piedi. E imparando a rispettare le esigenze e le abitudini degli altri, impariamo anche a controllare i nostri eccessi e a superare i nostri limiti.<\/i><\/span><\/p>\n<p style=\"margin-bottom: 0cm;\" align=\"JUSTIFY\"><span style=\"color: #000000;\">Affrontare lunghi momenti di solitudine \u00e8 stato, \u00e8 per te, difficile?<\/span><\/p>\n<p style=\"margin-bottom: 0cm;\" align=\"JUSTIFY\"><i>Chi parte per viaggi cos\u00ec lunghi e un po\u2019 all\u2019avventura, non sa mai chi o cosa trova. Per questo \u00e8 indispensabile mettere in conto che l\u2019unico compagno di viaggio sarai tu stesso e tutto il tuo Essere interiore. Se ti ami e confidi nel sostegno del Cammino stesso, la solitudine non sar\u00e0 mai un problema. Anzi, spesso, sar\u00e0 una buona amica. Ed ogni persona che incontrerai durante il viaggio sar\u00e0 solo un gradito dono per cui ringraziare. A me piace molto camminare da sola. Osservo, rifletto, interiorizzo. Ma sono anche una maniaca della condivisione e quindi quella che tu chiami solitudine la sento di pi\u00f9 la sera, quando non cammino, nel momento in cui non ho<\/i><i>nessuno con cui parlare e scambiare commenti sull\u2019esperienza vissuta. Per questo viaggio sempre con il computer e con una efficace connessione internet. Certo, non \u00e8 il calore di un abbraccio consolatore o l\u2019emozione di uno sguardo mentre ascolta i tuoi racconti. Ma sapere che c\u2019\u00e8 qualcuno che tutti i giorni aspetta di avere tue notizie, sicuramente aiuta a tener alto il morale e a non abbattersi nei momenti pi\u00f9 duri e difficili. Perch\u00e9 si, a volte ci sono anche quelli!<\/i><\/p>\n<p style=\"margin-bottom: 0cm; font-style: normal;\" align=\"JUSTIFY\"><span style=\"color: #000000;\">Durante il tuo cammino avrai senz\u2019altro avuto modo di conoscere nuove realt\u00e0, ma mi piacerebbe sapere se pensi che le tue esperienze di viaggio abbiano allargato la tua visione del mondo. Hai colto prospettive diverse rispetto a quanto sapevi?<\/span><\/p>\n<p style=\"margin-bottom: 0cm;\" align=\"JUSTIFY\"><i>Il mondo \u00e8 un grandissimo libro aperto. Bisogna solo avere il coraggio di sfogliarlo, pagina dopo pagina, per cercare di capirlo, accettarlo e quindi apprezzarlo. E il Cammino mi aiuta in questo. A scoprire nuove realt\u00e0 e ad allargare la visione che ho non solo del mondo ma anche di me stessa in relazione al mondo. Il Cammino \u00e8 come un Maestro ed io a Lui mi affido. Continueresti a seguire un Maestro se ti rendessi conto che non ti sta insegnando nulla in pi\u00f9 di quel che gi\u00e0 sai? E invece io continuo a viaggiare, perch\u00e9 il viaggio ha sempre qualcosa da insegnarmi: la mia visione del mondo evolve con l\u2019evoluzione del senso del mio viaggio.<\/i><\/p>\n<p style=\"margin-bottom: 0cm;\" align=\"JUSTIFY\"><i>Ed uno dei miei pi\u00f9 grandi cambiamenti \u00e8 proprio avvenuto in materia di spiritualit\u00e0, nel momento in cui, dopo aver sperimentato diverse religioni, nei luoghi in cui viaggiavo, ho capito che Dio non andava cercato in una chiesa o in una moschea, ma che si trova dentro di Noi, dentro il nostro Cuore. Dobbiamo solo imparare ad esteriorizzarlo. E qui il Cammino ha una parte fondamentale perch\u00e9, da buon Maestro che \u00e8, mi aiuta a tirare fuori il meglio di me.<\/i><\/p>\n<p style=\"margin-bottom: 0cm;\" align=\"JUSTIFY\"><span style=\"color: #000000;\">Tu tieni un blog, attraverso il quale chiunque pu\u00f2 seguire la tua esperienza. Ci sono dati, foto, alcune riflessioni personali. Sono molteplici i modi con cui puoi documentare la tua vita in cammino. Una foto la puoi scattare subito, nel breve tempo di qualche attimo hai fermato l\u2019essenza di qualcosa, il senso di un luogo, di un essere vivente, di un ambiente. Ma una riflessione, se vuoi fermarla, ha bisogno di ben altro tempo, perch\u00e9 occorre scriverla, per non dimenticarla, per condividerla. Vorrei sapere qual \u00e8 il tuo rapporto con la scrittura. Ti piace raccontare, descrivere, esprimere emozioni con le parole?<\/span><\/p>\n<p style=\"margin-bottom: 0cm;\" align=\"JUSTIFY\">I<i>l mio primo diario risale all\u2019epoca delle elementari, quando finalmente ho imparato a tenere in mano la penna. Rileggo sempre con entusiasmo ci\u00f2 che il Cuore gi\u00e0 allora mi dettava. Tanto ricco di emozioni quanto di errori ortografici. E dedicando molto tempo alla lettura ho poi scoperto le differenze tra prosa e poesia. E rapita dalle rime ho impresso i miei Amori tra strofe baciate, chiudendole nel forziere del mio intimo. Ma poi \u00e8 avvenuta la rivoluzione. Ho scoperto la scrittura come mezzo di condivisione e attualmente passo almeno un paio di ore al giorno esprimendo emozioni, descrivendo luoghi, concetti e riflessioni, sperimentando ogni volta uno stile differente, senza paura di essere giudicata per quello che scrivo e per come scrivo.<\/i><\/p>\n<p style=\"margin-bottom: 0cm;\" align=\"JUSTIFY\"><i>Quel che conta per me \u00e8 riuscire a trasmettere l\u2019Amore che ho per il Mondo e per la Vita, e lo faccio attraverso l\u2019esperienza del Viaggio. Il Viaggio di una ragazza alla ricerca della Libert\u00e0 in tutte le sue forme. <\/i><\/p>\n<p style=\"margin-bottom: 0cm;\" align=\"JUSTIFY\"><i>Il Viaggio mi regala l\u2019esperienza. Il Cuore la elabora e detta le parole. Nessuno studio, nessuna forma. E ci\u00f2 che ne esce vedo che piace. E questo, si!, mi emoziona.<\/i><\/p>\n<p style=\"margin-bottom: 0cm; text-align: center;\"><span style=\"font-size: medium;\"><i><b> Associazionismo attorno alla via Francigena<\/b><\/i><\/span><\/p>\n<p align=\"JUSTIFY\">Nel tratto del Canavese e del Biellese la globe-trotter Cristina \u00e8 stata accompagnata dall\u2019Associazione La Via Francigena di Sigerico di Ivrea. \u00c8 un\u2019associazione che si pone come obiettivo la valorizzazione del tratto piemontese e valdostano della Via, nata nel 2009. <!--more-->Intende ricercare percorsi alternativi al percorso di base, gi\u00e0 utilizzati nei secoli passati. I partecipanti desiderano creare contatti costruttivi con i Comuni della zona del Vercellese e organizzare eventi e manifestazioni comuni, inoltre l\u2019associazione si occupa di ricercare la documentazione storica relativa alla Via Francigena in Piemonte e Valle d\u2019Aosta. Allo scopo di realizzare i propri obiettivi promuove attivit\u00e0 promozionali con l\u2019organizzazione di conferenze, convegni e interventi di studiosi e ricercatori.<\/p>\n<p align=\"JUSTIFY\">Fa parte di una pi\u00f9 ampia associazione che si occupa dei temi riguardanti il percorso francigeno, denominata Associazione Europea delle Vie Francigene, la quale vuole stabilire e consolidare relazioni istituzionali ed operative con il Consiglio d\u2019Europa, con la Commissione Europea e l\u2019Istituto Europeo degli Itinerari Culturali, acquisendo il riconoscimento di interlocutore privilegiato sul tema \u201cVia Francigena\u201d. Desidera assumersi il compito di coordinare le azioni dei singoli gruppi in modo armonico tra loro, nel rispetto delle singole autonomie, rispondendo all\u2019obiettivo di rivitalizzare uno spazio di dimensione europea.<\/p>\n","protected":false},"excerpt":{"rendered":"","protected":false},"author":1,"featured_media":0,"comment_status":"open","ping_status":"open","sticky":false,"template":"","format":"standard","meta":{"footnotes":""},"categories":[190,179,8],"tags":[108],"class_list":["post-165","post","type-post","status-publish","format-standard","hentry","category-articoli-2010-2017","category-cultura-e-ambiente","category-giornalismo","tag-via-francigena"],"_links":{"self":[{"href":"https:\/\/www.letiziagariglio.it\/index.php?rest_route=\/wp\/v2\/posts\/165","targetHints":{"allow":["GET"]}}],"collection":[{"href":"https:\/\/www.letiziagariglio.it\/index.php?rest_route=\/wp\/v2\/posts"}],"about":[{"href":"https:\/\/www.letiziagariglio.it\/index.php?rest_route=\/wp\/v2\/types\/post"}],"author":[{"embeddable":true,"href":"https:\/\/www.letiziagariglio.it\/index.php?rest_route=\/wp\/v2\/users\/1"}],"replies":[{"embeddable":true,"href":"https:\/\/www.letiziagariglio.it\/index.php?rest_route=%2Fwp%2Fv2%2Fcomments&post=165"}],"version-history":[{"count":6,"href":"https:\/\/www.letiziagariglio.it\/index.php?rest_route=\/wp\/v2\/posts\/165\/revisions"}],"predecessor-version":[{"id":249,"href":"https:\/\/www.letiziagariglio.it\/index.php?rest_route=\/wp\/v2\/posts\/165\/revisions\/249"}],"wp:attachment":[{"href":"https:\/\/www.letiziagariglio.it\/index.php?rest_route=%2Fwp%2Fv2%2Fmedia&parent=165"}],"wp:term":[{"taxonomy":"category","embeddable":true,"href":"https:\/\/www.letiziagariglio.it\/index.php?rest_route=%2Fwp%2Fv2%2Fcategories&post=165"},{"taxonomy":"post_tag","embeddable":true,"href":"https:\/\/www.letiziagariglio.it\/index.php?rest_route=%2Fwp%2Fv2%2Ftags&post=165"}],"curies":[{"name":"wp","href":"https:\/\/api.w.org\/{rel}","templated":true}]}}